{"id":1309,"date":"2024-04-16T07:20:03","date_gmt":"2024-04-16T07:20:03","guid":{"rendered":"https:\/\/meblomal.com.pl\/?p=1309"},"modified":"2024-04-16T09:38:18","modified_gmt":"2024-04-16T09:38:18","slug":"nela-160","status":"publish","type":"post","link":"https:\/\/meblomal.com.pl\/?p=1309","title":{"rendered":"Nela 160"},"content":{"rendered":"\n<figure class=\"wp-block-table is-style-regular\"><table><thead><tr><th>Opis<\/th><th>Wymiar w centymetrach:<\/th><\/tr><\/thead><tbody><tr><td>D\u0142ugo\u015b\u0107<\/td><td>168<\/td><\/tr><tr><td>Szeroko\u015b\u0107<\/td><td>86<\/td><\/tr><tr><td>Wysoko\u015b\u0107<\/td><td>75<\/td><\/tr><tr><td>Wysoko\u015b\u0107 spania<\/td><td>40<\/td><\/tr><tr><td>Wysoko\u015b\u0107 dodatkowego spania<\/td><td>26<\/td><\/tr><tr><td>D\u0142ugo\u015b\u0107 spania<\/td><td>160<\/td><\/tr><tr><td>Szeroko\u015b\u0107 spania<\/td><td>80<\/td><\/tr><\/tbody><\/table><\/figure>\n","protected":false},"excerpt":{"rendered":"<p>Opis Wymiar w centymetrach: D\u0142ugo\u015b\u0107 168 Szeroko\u015b\u0107 86 Wysoko\u015b\u0107 75 Wysoko\u015b\u0107 spania 40 Wysoko\u015b\u0107 dodatkowego spania 26 D\u0142ugo\u015b\u0107 spania 160 Szeroko\u015b\u0107 spania 80<\/p>\n","protected":false},"author":3,"featured_media":1143,"comment_status":"open","ping_status":"open","sticky":false,"template":"","format":"standard","meta":{"footnotes":""},"categories":[2],"tags":[],"acf":[],"_links":{"self":[{"href":"https:\/\/meblomal.com.pl\/index.php?rest_route=\/wp\/v2\/posts\/1309"}],"collection":[{"href":"https:\/\/meblomal.com.pl\/index.php?rest_route=\/wp\/v2\/posts"}],"about":[{"href":"https:\/\/meblomal.com.pl\/index.php?rest_route=\/wp\/v2\/types\/post"}],"author":[{"embeddable":true,"href":"https:\/\/meblomal.com.pl\/index.php?rest_route=\/wp\/v2\/users\/3"}],"replies":[{"embeddable":true,"href":"https:\/\/meblomal.com.pl\/index.php?rest_route=%2Fwp%2Fv2%2Fcomments&post=1309"}],"version-history":[{"count":3,"href":"https:\/\/meblomal.com.pl\/index.php?rest_route=\/wp\/v2\/posts\/1309\/revisions"}],"predecessor-version":[{"id":1344,"href":"https:\/\/meblomal.com.pl\/index.php?rest_route=\/wp\/v2\/posts\/1309\/revisions\/1344"}],"wp:featuredmedia":[{"embeddable":true,"href":"https:\/\/meblomal.com.pl\/index.php?rest_route=\/wp\/v2\/media\/1143"}],"wp:attachment":[{"href":"https:\/\/meblomal.com.pl\/index.php?rest_route=%2Fwp%2Fv2%2Fmedia&parent=1309"}],"wp:term":[{"taxonomy":"category","embeddable":true,"href":"https:\/\/meblomal.com.pl\/index.php?rest_route=%2Fwp%2Fv2%2Fcategories&post=1309"},{"taxonomy":"post_tag","embeddable":true,"href":"https:\/\/meblomal.com.pl\/index.php?rest_route=%2Fwp%2Fv2%2Ftags&post=1309"}],"curies":[{"name":"wp","href":"https:\/\/api.w.org\/{rel}","templated":true}]}}