{"id":262,"date":"2021-11-15T12:58:05","date_gmt":"2021-11-15T12:58:05","guid":{"rendered":"https:\/\/meblomal.com.pl\/?p=262"},"modified":"2021-11-15T12:58:06","modified_gmt":"2021-11-15T12:58:06","slug":"h-1","status":"publish","type":"post","link":"https:\/\/meblomal.com.pl\/?p=262","title":{"rendered":"H-1"},"content":{"rendered":"\n<div class=\"wp-block-group\"><div class=\"wp-block-group__inner-container is-layout-flow wp-block-group-is-layout-flow\">\n<figure class=\"wp-block-table is-style-regular\"><table><thead><tr><th>Opis<\/th><th>Wymiar w centymetrach:<\/th><\/tr><\/thead><tbody><tr><td>Wysoko\u015b\u0107<\/td><td>108<\/td><\/tr><tr><td>Szeroko\u015b\u0107<\/td><td>40<\/td><\/tr><tr><td>G\u0142\u0119boko\u015b\u0107<\/td><td>35<\/td><\/tr><tr><td>Wysoko\u015b\u0107 do siedziska<\/td><td>78<\/td><\/tr><\/tbody><\/table><\/figure>\n<\/div><\/div>\n\n\n\n<p><\/p>\n","protected":false},"excerpt":{"rendered":"<p>Opis Wymiar w centymetrach: Wysoko\u015b\u0107 108 Szeroko\u015b\u0107 40 G\u0142\u0119boko\u015b\u0107 35 Wysoko\u015b\u0107 do siedziska 78<\/p>\n","protected":false},"author":2,"featured_media":263,"comment_status":"closed","ping_status":"open","sticky":false,"template":"","format":"standard","meta":{"footnotes":""},"categories":[5],"tags":[],"acf":[],"_links":{"self":[{"href":"https:\/\/meblomal.com.pl\/index.php?rest_route=\/wp\/v2\/posts\/262"}],"collection":[{"href":"https:\/\/meblomal.com.pl\/index.php?rest_route=\/wp\/v2\/posts"}],"about":[{"href":"https:\/\/meblomal.com.pl\/index.php?rest_route=\/wp\/v2\/types\/post"}],"author":[{"embeddable":true,"href":"https:\/\/meblomal.com.pl\/index.php?rest_route=\/wp\/v2\/users\/2"}],"replies":[{"embeddable":true,"href":"https:\/\/meblomal.com.pl\/index.php?rest_route=%2Fwp%2Fv2%2Fcomments&post=262"}],"version-history":[{"count":1,"href":"https:\/\/meblomal.com.pl\/index.php?rest_route=\/wp\/v2\/posts\/262\/revisions"}],"predecessor-version":[{"id":264,"href":"https:\/\/meblomal.com.pl\/index.php?rest_route=\/wp\/v2\/posts\/262\/revisions\/264"}],"wp:featuredmedia":[{"embeddable":true,"href":"https:\/\/meblomal.com.pl\/index.php?rest_route=\/wp\/v2\/media\/263"}],"wp:attachment":[{"href":"https:\/\/meblomal.com.pl\/index.php?rest_route=%2Fwp%2Fv2%2Fmedia&parent=262"}],"wp:term":[{"taxonomy":"category","embeddable":true,"href":"https:\/\/meblomal.com.pl\/index.php?rest_route=%2Fwp%2Fv2%2Fcategories&post=262"},{"taxonomy":"post_tag","embeddable":true,"href":"https:\/\/meblomal.com.pl\/index.php?rest_route=%2Fwp%2Fv2%2Ftags&post=262"}],"curies":[{"name":"wp","href":"https:\/\/api.w.org\/{rel}","templated":true}]}}