{"id":323,"date":"2021-11-15T14:19:54","date_gmt":"2021-11-15T14:19:54","guid":{"rendered":"https:\/\/meblomal.com.pl\/?p=323"},"modified":"2024-04-18T10:18:42","modified_gmt":"2024-04-18T10:18:42","slug":"stol-loft6x-krzeslo-evi","status":"publish","type":"post","link":"https:\/\/meblomal.com.pl\/?p=323","title":{"rendered":"Loft + Evi"},"content":{"rendered":"\n<div class=\"wp-block-group\"><div class=\"wp-block-group__inner-container is-layout-flow wp-block-group-is-layout-flow\">\n<figure class=\"wp-block-table is-style-regular\"><table><thead><tr><th>Opis<\/th><th>Wymiar w centymetrach:<\/th><\/tr><\/thead><tbody><tr><td><strong>St\u00f3\u0142<\/strong><\/td><td><\/td><\/tr><tr><td>D\u0142ugo\u015b\u0107<\/td><td>160 \/ 140<\/td><\/tr><tr><td>Szeroko\u015b\u0107<\/td><td>90<\/td><\/tr><tr><td>Wysoko\u015b\u0107<\/td><td>77<\/td><\/tr><tr><td>Grubo\u015b\u0107 blatu<\/td><td>3,6<\/td><\/tr><tr><td>Inne<\/td><td>1x wk\u0142adka 60cm \/ 1x wk\u0142adka 40cm<\/td><\/tr><tr><td><strong>Krzes\u0142o<\/strong><\/td><td><\/td><\/tr><tr><td>Wysoko\u015b\u0107<\/td><td>78<\/td><\/tr><tr><td>Szeroko\u015b\u0107<\/td><td>64<\/td><\/tr><tr><td>G\u0142\u0119boko\u015b\u0107<\/td><td>46<\/td><\/tr><tr><td>Wysoko\u015b\u0107 do siedziska<\/td><td>48<\/td><\/tr><\/tbody><\/table><\/figure>\n<\/div><\/div>\n\n\n\n<p><\/p>\n","protected":false},"excerpt":{"rendered":"<p>Opis Wymiar w centymetrach: St\u00f3\u0142 D\u0142ugo\u015b\u0107 160 \/ 140 Szeroko\u015b\u0107 90 Wysoko\u015b\u0107 77 Grubo\u015b\u0107 blatu 3,6 Inne 1x wk\u0142adka 60cm \/ 1x wk\u0142adka 40cm Krzes\u0142o Wysoko\u015b\u0107 78 Szeroko\u015b\u0107 64 G\u0142\u0119boko\u015b\u0107 46 Wysoko\u015b\u0107 do siedziska 48<\/p>\n","protected":false},"author":2,"featured_media":324,"comment_status":"closed","ping_status":"open","sticky":false,"template":"","format":"standard","meta":{"footnotes":""},"categories":[1],"tags":[],"acf":[],"_links":{"self":[{"href":"https:\/\/meblomal.com.pl\/index.php?rest_route=\/wp\/v2\/posts\/323"}],"collection":[{"href":"https:\/\/meblomal.com.pl\/index.php?rest_route=\/wp\/v2\/posts"}],"about":[{"href":"https:\/\/meblomal.com.pl\/index.php?rest_route=\/wp\/v2\/types\/post"}],"author":[{"embeddable":true,"href":"https:\/\/meblomal.com.pl\/index.php?rest_route=\/wp\/v2\/users\/2"}],"replies":[{"embeddable":true,"href":"https:\/\/meblomal.com.pl\/index.php?rest_route=%2Fwp%2Fv2%2Fcomments&post=323"}],"version-history":[{"count":5,"href":"https:\/\/meblomal.com.pl\/index.php?rest_route=\/wp\/v2\/posts\/323\/revisions"}],"predecessor-version":[{"id":1435,"href":"https:\/\/meblomal.com.pl\/index.php?rest_route=\/wp\/v2\/posts\/323\/revisions\/1435"}],"wp:featuredmedia":[{"embeddable":true,"href":"https:\/\/meblomal.com.pl\/index.php?rest_route=\/wp\/v2\/media\/324"}],"wp:attachment":[{"href":"https:\/\/meblomal.com.pl\/index.php?rest_route=%2Fwp%2Fv2%2Fmedia&parent=323"}],"wp:term":[{"taxonomy":"category","embeddable":true,"href":"https:\/\/meblomal.com.pl\/index.php?rest_route=%2Fwp%2Fv2%2Fcategories&post=323"},{"taxonomy":"post_tag","embeddable":true,"href":"https:\/\/meblomal.com.pl\/index.php?rest_route=%2Fwp%2Fv2%2Ftags&post=323"}],"curies":[{"name":"wp","href":"https:\/\/api.w.org\/{rel}","templated":true}]}}