{"id":355,"date":"2021-11-16T10:55:07","date_gmt":"2021-11-16T10:55:07","guid":{"rendered":"https:\/\/meblomal.com.pl\/?p=355"},"modified":"2024-04-18T08:13:51","modified_gmt":"2024-04-18T08:13:51","slug":"stol-zeus4x-krzeslo-p-27","status":"publish","type":"post","link":"https:\/\/meblomal.com.pl\/?p=355","title":{"rendered":"Zeus + P27"},"content":{"rendered":"\n<div class=\"wp-block-group\"><div class=\"wp-block-group__inner-container is-layout-flow wp-block-group-is-layout-flow\">\n<figure class=\"wp-block-table is-style-regular\"><table><thead><tr><th>Opis<\/th><th>Wymiar w centymetrach:<\/th><\/tr><\/thead><tbody><tr><td><strong>St\u00f3\u0142<\/strong><\/td><td><\/td><\/tr><tr><td>D\u0142ugo\u015b\u0107<\/td><td><\/td><\/tr><tr><td>Szeroko\u015b\u0107<\/td><td><\/td><\/tr><tr><td>Wysoko\u015b\u0107<\/td><td><\/td><\/tr><tr><td>Grubo\u015b\u0107 blatu<\/td><td><\/td><\/tr><tr><td>Inne<\/td><td><\/td><\/tr><tr><td><strong>Krzes\u0142o<\/strong><\/td><td><\/td><\/tr><tr><td>Wysoko\u015b\u0107<\/td><td>101<\/td><\/tr><tr><td>Szeroko\u015b\u0107<\/td><td>45<\/td><\/tr><tr><td>G\u0142\u0119boko\u015b\u0107<\/td><td>40<\/td><\/tr><tr><td>Wysoko\u015b\u0107 do siedziska<\/td><td>48<\/td><\/tr><\/tbody><\/table><\/figure>\n<\/div><\/div>\n\n\n\n<p><\/p>\n","protected":false},"excerpt":{"rendered":"<p>Opis Wymiar w centymetrach: St\u00f3\u0142 D\u0142ugo\u015b\u0107 Szeroko\u015b\u0107 Wysoko\u015b\u0107 Grubo\u015b\u0107 blatu Inne Krzes\u0142o Wysoko\u015b\u0107 101 Szeroko\u015b\u0107 45 G\u0142\u0119boko\u015b\u0107 40 Wysoko\u015b\u0107 do siedziska 48<\/p>\n","protected":false},"author":2,"featured_media":356,"comment_status":"closed","ping_status":"open","sticky":false,"template":"","format":"standard","meta":{"footnotes":""},"categories":[1],"tags":[],"acf":[],"_links":{"self":[{"href":"https:\/\/meblomal.com.pl\/index.php?rest_route=\/wp\/v2\/posts\/355"}],"collection":[{"href":"https:\/\/meblomal.com.pl\/index.php?rest_route=\/wp\/v2\/posts"}],"about":[{"href":"https:\/\/meblomal.com.pl\/index.php?rest_route=\/wp\/v2\/types\/post"}],"author":[{"embeddable":true,"href":"https:\/\/meblomal.com.pl\/index.php?rest_route=\/wp\/v2\/users\/2"}],"replies":[{"embeddable":true,"href":"https:\/\/meblomal.com.pl\/index.php?rest_route=%2Fwp%2Fv2%2Fcomments&post=355"}],"version-history":[{"count":3,"href":"https:\/\/meblomal.com.pl\/index.php?rest_route=\/wp\/v2\/posts\/355\/revisions"}],"predecessor-version":[{"id":1408,"href":"https:\/\/meblomal.com.pl\/index.php?rest_route=\/wp\/v2\/posts\/355\/revisions\/1408"}],"wp:featuredmedia":[{"embeddable":true,"href":"https:\/\/meblomal.com.pl\/index.php?rest_route=\/wp\/v2\/media\/356"}],"wp:attachment":[{"href":"https:\/\/meblomal.com.pl\/index.php?rest_route=%2Fwp%2Fv2%2Fmedia&parent=355"}],"wp:term":[{"taxonomy":"category","embeddable":true,"href":"https:\/\/meblomal.com.pl\/index.php?rest_route=%2Fwp%2Fv2%2Fcategories&post=355"},{"taxonomy":"post_tag","embeddable":true,"href":"https:\/\/meblomal.com.pl\/index.php?rest_route=%2Fwp%2Fv2%2Ftags&post=355"}],"curies":[{"name":"wp","href":"https:\/\/api.w.org\/{rel}","templated":true}]}}