{"id":361,"date":"2021-11-16T11:12:39","date_gmt":"2021-11-16T11:12:39","guid":{"rendered":"https:\/\/meblomal.com.pl\/?p=361"},"modified":"2024-04-18T08:11:00","modified_gmt":"2024-04-18T08:11:00","slug":"stol-premier6x-krzeslo-adrianna","status":"publish","type":"post","link":"https:\/\/meblomal.com.pl\/?p=361","title":{"rendered":"Premier + Adrianna"},"content":{"rendered":"\n<div class=\"wp-block-group\"><div class=\"wp-block-group__inner-container is-layout-flow wp-block-group-is-layout-flow\">\n<figure class=\"wp-block-table is-style-regular\"><table><thead><tr><th>Opis<\/th><th>Wymiar w centymetrach:<\/th><\/tr><\/thead><tbody><tr><td><strong>St\u00f3\u0142<\/strong><\/td><td><\/td><\/tr><tr><td>D\u0142ugo\u015b\u0107<\/td><td>170<\/td><\/tr><tr><td>Szeroko\u015b\u0107<\/td><td>90<\/td><\/tr><tr><td>Wysoko\u015b\u0107<\/td><td>77<\/td><\/tr><tr><td>Grubo\u015b\u0107 blatu<\/td><td>3,6<\/td><\/tr><tr><td>Inne<\/td><td>1x wk\u0142adka 50cm<\/td><\/tr><tr><td><strong>Krzes\u0142o<\/strong><\/td><td><\/td><\/tr><tr><td>Wysoko\u015b\u0107<\/td><td>102<\/td><\/tr><tr><td>Szeroko\u015b\u0107<\/td><td>47<\/td><\/tr><tr><td>G\u0142\u0119boko\u015b\u0107<\/td><td>43<\/td><\/tr><tr><td>Wysoko\u015b\u0107 do siedziska<\/td><td>48<\/td><\/tr><\/tbody><\/table><\/figure>\n<\/div><\/div>\n\n\n\n<p><\/p>\n","protected":false},"excerpt":{"rendered":"<p>Opis Wymiar w centymetrach: St\u00f3\u0142 D\u0142ugo\u015b\u0107 170 Szeroko\u015b\u0107 90 Wysoko\u015b\u0107 77 Grubo\u015b\u0107 blatu 3,6 Inne 1x wk\u0142adka 50cm Krzes\u0142o Wysoko\u015b\u0107 102 Szeroko\u015b\u0107 47 G\u0142\u0119boko\u015b\u0107 43 Wysoko\u015b\u0107 do siedziska 48<\/p>\n","protected":false},"author":2,"featured_media":1106,"comment_status":"closed","ping_status":"open","sticky":false,"template":"","format":"standard","meta":{"footnotes":""},"categories":[1],"tags":[],"acf":[],"_links":{"self":[{"href":"https:\/\/meblomal.com.pl\/index.php?rest_route=\/wp\/v2\/posts\/361"}],"collection":[{"href":"https:\/\/meblomal.com.pl\/index.php?rest_route=\/wp\/v2\/posts"}],"about":[{"href":"https:\/\/meblomal.com.pl\/index.php?rest_route=\/wp\/v2\/types\/post"}],"author":[{"embeddable":true,"href":"https:\/\/meblomal.com.pl\/index.php?rest_route=\/wp\/v2\/users\/2"}],"replies":[{"embeddable":true,"href":"https:\/\/meblomal.com.pl\/index.php?rest_route=%2Fwp%2Fv2%2Fcomments&post=361"}],"version-history":[{"count":3,"href":"https:\/\/meblomal.com.pl\/index.php?rest_route=\/wp\/v2\/posts\/361\/revisions"}],"predecessor-version":[{"id":1403,"href":"https:\/\/meblomal.com.pl\/index.php?rest_route=\/wp\/v2\/posts\/361\/revisions\/1403"}],"wp:featuredmedia":[{"embeddable":true,"href":"https:\/\/meblomal.com.pl\/index.php?rest_route=\/wp\/v2\/media\/1106"}],"wp:attachment":[{"href":"https:\/\/meblomal.com.pl\/index.php?rest_route=%2Fwp%2Fv2%2Fmedia&parent=361"}],"wp:term":[{"taxonomy":"category","embeddable":true,"href":"https:\/\/meblomal.com.pl\/index.php?rest_route=%2Fwp%2Fv2%2Fcategories&post=361"},{"taxonomy":"post_tag","embeddable":true,"href":"https:\/\/meblomal.com.pl\/index.php?rest_route=%2Fwp%2Fv2%2Ftags&post=361"}],"curies":[{"name":"wp","href":"https:\/\/api.w.org\/{rel}","templated":true}]}}