{"id":371,"date":"2021-11-16T11:22:16","date_gmt":"2021-11-16T11:22:16","guid":{"rendered":"https:\/\/meblomal.com.pl\/?p=371"},"modified":"2024-04-18T10:35:25","modified_gmt":"2024-04-18T10:35:25","slug":"stol-orion-ii-p","status":"publish","type":"post","link":"https:\/\/meblomal.com.pl\/?p=371","title":{"rendered":"Orion II P"},"content":{"rendered":"\n<div class=\"wp-block-group\"><div class=\"wp-block-group__inner-container is-layout-flow wp-block-group-is-layout-flow\">\n<figure class=\"wp-block-table is-style-regular\"><table><thead><tr><th>Opis<\/th><th>Wymiar w centymetrach:<\/th><\/tr><\/thead><tbody><tr><td>D\u0142ugo\u015b\u0107<\/td><td>140<\/td><\/tr><tr><td>Szeroko\u015b\u0107<\/td><td>80<\/td><\/tr><tr><td>Wysoko\u015b\u0107<\/td><td>77<\/td><\/tr><tr><td>Grubo\u015b\u0107 blatu<\/td><td>3,6<\/td><\/tr><tr><td>Inne<\/td><td>1x wk\u0142adka 40cm<\/td><\/tr><\/tbody><\/table><\/figure>\n<\/div><\/div>\n\n\n\n<p><\/p>\n","protected":false},"excerpt":{"rendered":"<p>Opis Wymiar w centymetrach: D\u0142ugo\u015b\u0107 140 Szeroko\u015b\u0107 80 Wysoko\u015b\u0107 77 Grubo\u015b\u0107 blatu 3,6 Inne 1x wk\u0142adka 40cm<\/p>\n","protected":false},"author":2,"featured_media":1080,"comment_status":"closed","ping_status":"open","sticky":false,"template":"","format":"standard","meta":{"footnotes":""},"categories":[3],"tags":[],"acf":[],"_links":{"self":[{"href":"https:\/\/meblomal.com.pl\/index.php?rest_route=\/wp\/v2\/posts\/371"}],"collection":[{"href":"https:\/\/meblomal.com.pl\/index.php?rest_route=\/wp\/v2\/posts"}],"about":[{"href":"https:\/\/meblomal.com.pl\/index.php?rest_route=\/wp\/v2\/types\/post"}],"author":[{"embeddable":true,"href":"https:\/\/meblomal.com.pl\/index.php?rest_route=\/wp\/v2\/users\/2"}],"replies":[{"embeddable":true,"href":"https:\/\/meblomal.com.pl\/index.php?rest_route=%2Fwp%2Fv2%2Fcomments&post=371"}],"version-history":[{"count":5,"href":"https:\/\/meblomal.com.pl\/index.php?rest_route=\/wp\/v2\/posts\/371\/revisions"}],"predecessor-version":[{"id":1443,"href":"https:\/\/meblomal.com.pl\/index.php?rest_route=\/wp\/v2\/posts\/371\/revisions\/1443"}],"wp:featuredmedia":[{"embeddable":true,"href":"https:\/\/meblomal.com.pl\/index.php?rest_route=\/wp\/v2\/media\/1080"}],"wp:attachment":[{"href":"https:\/\/meblomal.com.pl\/index.php?rest_route=%2Fwp%2Fv2%2Fmedia&parent=371"}],"wp:term":[{"taxonomy":"category","embeddable":true,"href":"https:\/\/meblomal.com.pl\/index.php?rest_route=%2Fwp%2Fv2%2Fcategories&post=371"},{"taxonomy":"post_tag","embeddable":true,"href":"https:\/\/meblomal.com.pl\/index.php?rest_route=%2Fwp%2Fv2%2Ftags&post=371"}],"curies":[{"name":"wp","href":"https:\/\/api.w.org\/{rel}","templated":true}]}}